{"id":225,"date":"2023-11-30T08:59:27","date_gmt":"2023-11-30T11:59:27","guid":{"rendered":"https:\/\/ods.senadoer.gob.ar\/novedades\/?p=225"},"modified":"2023-11-30T09:01:02","modified_gmt":"2023-11-30T12:01:02","slug":"la-provincia-presento-el-balance-y-metas-alcanzadas-en-el-marco-de-la-agenda-2030","status":"publish","type":"post","link":"https:\/\/ods.senadoer.gob.ar\/novedades\/2023\/11\/30\/la-provincia-presento-el-balance-y-metas-alcanzadas-en-el-marco-de-la-agenda-2030\/","title":{"rendered":"La provincia present\u00f3 el balance y metas alcanzadas en el marco de la Agenda 2030"},"content":{"rendered":"<p>La vicegobernadora, Laura Stratta, particip\u00f3 de la presentaci\u00f3n del balance del Proyecto BID en el marco de los Objetivos de Desarrollo Sostenible de la Agenda 2030. Tuvo como objetivo fortalecer la planificaci\u00f3n de las pol\u00edticas p\u00fablicas, programas y l\u00edneas de acci\u00f3n emprendidas en Entre R\u00edos.<\/p>\n<p>Se trat\u00f3 del evento de cierre del proyecto &#8220;Fortaleciendo la Planificaci\u00f3n Provincial, camino hacia la Agenda 2030&#8221; ejecutado y financiado en el marco del Programa del Fortalecimiento de la Gesti\u00f3n Provincial &#8211; Pr\u00e9stamo BID, impulsado por la Vicegobernaci\u00f3n y la Secretar\u00eda de Modernizaci\u00f3n de la provincia. El proyecto impulsa la implementaci\u00f3n de una herramienta de organizaci\u00f3n, seguimiento y evaluaci\u00f3n de las principales l\u00edneas alineadas con los ODS. En ese marco, se desarrollaron metas e indicadores provinciales para potenciar iniciativas p\u00fablicas de los distintos organismos provinciales.<\/p>\n<p>En el encuentro, la vicegobernadora Stratta, agradeci\u00f3 a los presentes y destac\u00f3: &#8220;El recorrido emprendido para dar cuenta que la agenda ODS se ha institucionalizado en la provincia de Entre R\u00edos&#8221;, y destac\u00f3 que: &#8220;Las respuestas que generamos tienen que ser integrales y en di\u00e1logo permanente entre los distintos fundamentos del gobierno provincial, pero tambi\u00e9n con las organizaciones, instituciones de la social civil y los gobiernos locales&#8221;. Y agreg\u00f3: &#8220;Muchas pol\u00edticas p\u00fablicas que ya ven\u00edamos impulsando estaban enmarcadas en esta agenda y en la dimensi\u00f3n social, econ\u00f3mica y ambiental, pero ten\u00edamos que profundizar en los desaf\u00edos que todav\u00eda estaban pendientes&#8221;.<\/p>\n<p>&#8220;Modernizar las pol\u00edticas p\u00fablicas tiene que ver con el compromiso que cada una y cada uno de nosotros asumimos para tener un Estado que adem\u00e1s de ser presente, sea eficiente, inteligente y creativo&#8221;, enfatiz\u00f3.<\/p>\n<p>Por su parte, la secretaria de Modernizaci\u00f3n de la provincia, Lucrecia Escand\u00f3n, explic\u00f3 que: &#8220;Cuando nosotros arrancamos con este proceso hab\u00eda solamente dos municipios que trabajaban en la agenda de objetivos de desarrollo y estrategias de planificaci\u00f3n. Hoy tenemos 16 municipios que trabajan junto a nosotros y que han relevado m\u00e1s de 150 pol\u00edticas p\u00fablicas locales y municipales que contribuyen a alguno de los objetivos de desarrollo sostenible&#8221;.<\/p>\n<p>En relaci\u00f3n a las iniciativas provinciales, Escand\u00f3n explic\u00f3 que: &#8220;608 pol\u00edticas p\u00fablicas provinciales contribuyen a los ODS, 460 en materia de sostenibilidad social, 85 pol\u00edticas p\u00fablicas vinculadas a desarrollo econ\u00f3mico y 63 iniciativas p\u00fablicas vinculadas a la promoci\u00f3n de la sostenibilidad ambiental en la provincia de Entre R\u00edos&#8221;.<\/p>\n<p><strong>Sobre los ODS y la Agenda 2030<\/strong><\/p>\n<p>Los Objetivos de Desarrollo Sostenible (ODS) constituyen un llamamiento universal a la acci\u00f3n para poner fin a la pobreza, proteger el planeta y mejorar las vidas y las perspectivas de las personas en todo el mundo. En 2015, todos los Estados Miembros de las Naciones Unidas aprobaron 17 Objetivos como parte de la Agenda 2030 para el Desarrollo Sostenible, en la cual se establece un plan para alcanzar los Objetivos en 15 a\u00f1os.<\/p>\n<p>En 2020 la provincia de Entre R\u00edos adhiri\u00f3 a la Agenda 2030 y a los Objetivos de Desarrollo Sostenible (ODS), radicando el punto focal en el \u00e1mbito de la Vicegobernaci\u00f3n y la implementaci\u00f3n en la Secretar\u00eda de Modernizaci\u00f3n.<\/p>\n<p><strong>Presencias<\/strong><\/p>\n<p>Se encontraban presentes la ministra de Gobierno y Justicia, Rosario Romero; la ministra de Desarrollo Social, Marisa Paira; el presidente del Consejo General de Educaci\u00f3n, Martin M\u00fcller; Denise Laurens, coordinadora de Gesti\u00f3n Acceso a la Informaci\u00f3n de la Secretaria de Modernizaci\u00f3n; legisladores y presidentes municipales y funcionarios provinciales.<\/p>\n<p>(Prensa Vicegobernaci\u00f3n)<\/p>\n","protected":false},"excerpt":{"rendered":"<p>La vicegobernadora, Laura Stratta, particip\u00f3 de la presentaci\u00f3n del balance del Proyecto BID en el marco de los Objetivos de Desarrollo Sostenible de la Agenda 2030. Tuvo como objetivo fortalecer la planificaci\u00f3n de las pol\u00edticas p\u00fablicas, programas y l\u00edneas de acci\u00f3n emprendidas en Entre R\u00edos. Se trat\u00f3 del evento de cierre del proyecto &#8220;Fortaleciendo la [&hellip;]<\/p>\n","protected":false},"author":2,"featured_media":226,"comment_status":"open","ping_status":"open","sticky":false,"template":"","format":"standard","meta":{"footnotes":""},"categories":[1],"tags":[],"class_list":["post-225","post","type-post","status-publish","format-standard","has-post-thumbnail","hentry","category-sin-categoria"],"acf":[],"_links":{"self":[{"href":"https:\/\/ods.senadoer.gob.ar\/novedades\/wp-json\/wp\/v2\/posts\/225","targetHints":{"allow":["GET"]}}],"collection":[{"href":"https:\/\/ods.senadoer.gob.ar\/novedades\/wp-json\/wp\/v2\/posts"}],"about":[{"href":"https:\/\/ods.senadoer.gob.ar\/novedades\/wp-json\/wp\/v2\/types\/post"}],"author":[{"embeddable":true,"href":"https:\/\/ods.senadoer.gob.ar\/novedades\/wp-json\/wp\/v2\/users\/2"}],"replies":[{"embeddable":true,"href":"https:\/\/ods.senadoer.gob.ar\/novedades\/wp-json\/wp\/v2\/comments?post=225"}],"version-history":[{"count":2,"href":"https:\/\/ods.senadoer.gob.ar\/novedades\/wp-json\/wp\/v2\/posts\/225\/revisions"}],"predecessor-version":[{"id":229,"href":"https:\/\/ods.senadoer.gob.ar\/novedades\/wp-json\/wp\/v2\/posts\/225\/revisions\/229"}],"wp:featuredmedia":[{"embeddable":true,"href":"https:\/\/ods.senadoer.gob.ar\/novedades\/wp-json\/wp\/v2\/media\/226"}],"wp:attachment":[{"href":"https:\/\/ods.senadoer.gob.ar\/novedades\/wp-json\/wp\/v2\/media?parent=225"}],"wp:term":[{"taxonomy":"category","embeddable":true,"href":"https:\/\/ods.senadoer.gob.ar\/novedades\/wp-json\/wp\/v2\/categories?post=225"},{"taxonomy":"post_tag","embeddable":true,"href":"https:\/\/ods.senadoer.gob.ar\/novedades\/wp-json\/wp\/v2\/tags?post=225"}],"curies":[{"name":"wp","href":"https:\/\/api.w.org\/{rel}","templated":true}]}}