{"id":219,"date":"2023-04-03T11:14:09","date_gmt":"2023-04-03T14:14:09","guid":{"rendered":"https:\/\/ods.senadoer.gob.ar\/novedades\/?p=219"},"modified":"2023-06-02T11:15:57","modified_gmt":"2023-06-02T14:15:57","slug":"se-presento-la-red-de-empresarias-entrerrianas","status":"publish","type":"post","link":"https:\/\/ods.senadoer.gob.ar\/novedades\/2023\/04\/03\/se-presento-la-red-de-empresarias-entrerrianas\/","title":{"rendered":"Se present\u00f3 la Red de Empresarias Entrerrianas"},"content":{"rendered":"<section class=\"bajada\">La vicegobernadora Laura Stratta, junto al ministro de Econom\u00eda Hugo Ballay, particip\u00f3 de la presentaci\u00f3n de la Red de Empresarias de Entre R\u00edos. Adem\u00e1s de habilitar un espacio de encuentro y reflexi\u00f3n, se mostraron las herramientas destinadas a las empresarias, como l\u00edneas de financiamiento y capacitaci\u00f3n y asistencia t\u00e9cnica.\u00a0<\/section>\n<p dir=\"ltr\">Este lunes en el Centro Provincial de Convenciones de Paran\u00e1, la vicegobernadora Laura Stratta particip\u00f3 de la presentaci\u00f3n de la Red de Empresarias Entrerrianas. La acompa\u00f1aron el ministro de Econom\u00eda Hugo Ballay; la secretaria de Modernizaci\u00f3n Lucrecia Escand\u00f3n; el secretario de Desarrollo Econ\u00f3mico y Emprendedor, Pedro Gebhart; la directora de Comercio Exterior de la Provincia, Ivana Calafatich;\u00a0 entre otras autoridades provinciales. Participaron alrededor de 30 empresarias de diversos rubros y distintos puntos de la provincia.<\/p>\n<p>&nbsp;<\/p>\n<p dir=\"ltr\"><strong>Articulaci\u00f3n p\u00fablico-privado<\/strong><\/p>\n<p dir=\"ltr\">Al hacer uso de la palabra, Stratta expres\u00f3: \u201cQuiero agradecerles al ministro Hugo Ballay, a su equipo de trabajo y a la secretaria de Modernizaci\u00f3n Lucrecia Escand\u00f3n, porque hoy est\u00e1n aqu\u00ed ratificando un compromiso y un modo de construir y defender la gesti\u00f3n que tiene que ver con el di\u00e1logo fecundo y espacios que nos permiten encontrarnos y potenciar lo que cada una y cada uno tiene para dar\u201d. Agradeci\u00f3, adem\u00e1s, a Julia Fontana y Carola Bolz\u00e1n \u201cque me acercaron la inquietud de poder generar un espacio de red de mujeres empresarias para poder potenciar y en la articulaci\u00f3n p\u00fablico privado, generar respuestas a las demandas que tenemos en la provincia\u201d.<\/p>\n<p dir=\"ltr\">Seguidamente, la vicegobernadora record\u00f3 c\u00f3mo \u201cse empez\u00f3 a gestar una red multipartidaria y multisectorial para la igualdad, donde empezamos a trazar la ley de\u00a0 paridad en el marco de un di\u00e1logo consensuado y necesario donde la pol\u00edtica ten\u00eda que escuchar y legislar en funci\u00f3n de lo que ven\u00edamos recogiendo. Esa experiencia, m\u00e1s all\u00e1 del impacto en lo social, pol\u00edtico y electoral, nos sirvi\u00f3 que esa era la manera de construir que necesitamos seguir profundizando, potenciando y transitando\u201d.<\/p>\n<p dir=\"ltr\">Mencion\u00f3 luego la Misi\u00f3n Comercial de Mujeres a Italia, concretada en septiembre del a\u00f1o pasado. \u201cAll\u00ed empezamos a sentir la necesidad de potenciar y compartir estos espacios pero tambi\u00e9n la necesidad de generar pol\u00edticas y acciones que nos permitan crecer, desarrollarnos y afianzarnos\u201d, indic\u00f3 Stratta.<\/p>\n<p dir=\"ltr\">En otro tramo de su discurso, repas\u00f3 las acciones realizadas durante la gesti\u00f3n y destac\u00f3 la importancia de saber \u201ccu\u00e1ndo el di\u00e1logo se transforma en pol\u00edtica\u201d. Hizo menci\u00f3n por ejemplo al trabajo conjunto que se realiz\u00f3 con la Uni\u00f3n Industrial de Entre R\u00edos (UIER), en el programa de Promoci\u00f3n del Empleo Industrial Entrerriano, una herramienta originada \u201cen un espacio de articulaci\u00f3n y escucha para trazar un horizonte de crecimiento y de desarrollo\u201d, valor\u00f3.<\/p>\n<p dir=\"ltr\">En referencia a la Red de Empresarias Entrerrianas. \u201cEstamos aqu\u00ed para afianzar el camino de articulaci\u00f3n, el trabajo en red con un Gobierno que siempre hizo de la escucha y la articulaci\u00f3n, su bandera, un modo de gestionar y construir\u201d. Y agreg\u00f3: \u201cSigamos tejiendo redes y entendiendo que los objetivos generales son m\u00e1s importantes que los personales o sectoriales y que independientemente de los caminos, todas queremos lo mejor para nuestra provincia y esto tiene que ver con lo que somos, pero sobre todo en lo que sentimos, pensamos y creemos\u201d, dijo finalmente la vicegobernadora de la provincia.<\/p>\n<p dir=\"ltr\">Por parte, el ministro manifest\u00f3: \u201cConsider\u00e9 que es un espacio interesante para compartir algunas ideas y acciones que han ocurrido en el \u00faltimo tiempo. Con Laura acompa\u00f1amos al gobernador Gustavo Bordet desde el primer d\u00eda de su primera gesti\u00f3n, en roles distintos, Laura fue ministra de Desarrollo Social antes y despu\u00e9s el voto popular la lleg\u00f3 a la Vicegobernaci\u00f3n\u201d.<\/p>\n<p dir=\"ltr\">En esta l\u00ednea, Ballay coment\u00f3 que \u201cmuchas de las ideas y apoyos que hoy estamos dando, y trabajando en forma conjunta, en articulaci\u00f3n p\u00fablico privado, siempre las tuvimos pero antes hab\u00eda que darle orden a las cuentas fiscales de la provincia\u201d, aclar\u00f3. Y a\u00f1adi\u00f3: \u201cHoy tenemos vigente distintas l\u00edneas de cr\u00e9dito con el agente financiero donde la provincia tambi\u00e9n hace un esfuerzo de 14 puntos de la tasa habitual de mercado\u201d. Habl\u00f3 adem\u00e1s del nuevo compromiso del gobierno a partir de la sequ\u00eda; o el acompa\u00f1amiento en el consumo a trav\u00e9s de la billetera virtual. \u201cTodas estas medidas tienen un efecto fiscal que hoy lo podemos sostener. Son pol\u00edticas de Estado que se tienen que instalar y quedar definitivamente porque son en beneficio de todos los entrerrianos\u201d, asegur\u00f3 Ballay. \u201cHoy m\u00e1s que una invitaci\u00f3n fue un pedido m\u00edo para poder acompa\u00f1ar en esta reuni\u00f3n y rescato verlas a todas ustedes empresarias y emprendedores de nuestra querida provincia y todas con el mismo objetivo: que nos vaya bien a todos\u201d, concluy\u00f3.<\/p>\n<p dir=\"ltr\">En tanto, Lucrecia Escand\u00f3n indic\u00f3 que desde la Secretaria de Modernizaci\u00f3n \u201ca trav\u00e9s de la Vicegobernaci\u00f3n venimos trabajando desde hace tres a\u00f1os en la adhesi\u00f3n de la provincia a la agenda de los Objetivos de Desarrollo Sostenible (ODS), en la cual estamos convencidos que es una agenda para la acci\u00f3n, que nos invita a trabajar de forma colectiva entre sector p\u00fablico, privado y las organizaciones de la sociedad civil para enfrentar los grandes retos que todos conocemos a nivel mundial, pero tambi\u00e9n tiene un arraigo muy importante en el trabajo en territorio y en cada una de las empresas y emprendimientos\u201d, sostuvo la funcionaria provincial. Y a\u00f1adi\u00f3: \u201cFundamentalmente hay uno de esos objetivos que es el que traza un poco el contenido de esta red que tiene que ver con la igualdad de g\u00e9nero, con el empoderamiento de las mujeres en la vida econ\u00f3mica, social, pol\u00edtica y en los distintos aspectos que nos tocan a cada una de nosotras llevar adelante\u201d, expres\u00f3 Escand\u00f3n.<\/p>\n<p dir=\"ltr\">En la oportunidad, se pusieron a disposici\u00f3n de las empresarias las herramientas de financiamiento existentes a nivel provincial y nacional, como as\u00ed tambi\u00e9n las capacitaciones y asistencia brindada por t\u00e9cnicos y profesionales de distintas disciplinas.<\/p>\n<p dir=\"ltr\"><strong>Presencias\u00a0<\/strong><\/p>\n<p dir=\"ltr\">Participaron del encuentro las empresarias: Carola Bolzan, Julia Fontana, Florencia Herrera, Eladia Weber, Sandra Ostorero, Melina Gottig, Ana Maria Mera, Valeria Ocaranza, Johanna Echeverria, Carolina Vittor, Silvana Rotman, Antonella Fontana, Paola Fontana, Ofelia Gentile, Maria Paula Ambroggio, Noemi Altamirano, Noemi Delizzotti y Marcia Rabey, entre otras.<\/p>\n<p>&nbsp;<\/p>\n","protected":false},"excerpt":{"rendered":"<p>La vicegobernadora Laura Stratta, junto al ministro de Econom\u00eda Hugo Ballay, particip\u00f3 de la presentaci\u00f3n de la Red de Empresarias de Entre R\u00edos. Adem\u00e1s de habilitar un espacio de encuentro y reflexi\u00f3n, se mostraron las herramientas destinadas a las empresarias, como l\u00edneas de financiamiento y capacitaci\u00f3n y asistencia t\u00e9cnica.\u00a0 Este lunes en el Centro Provincial [&hellip;]<\/p>\n","protected":false},"author":2,"featured_media":220,"comment_status":"open","ping_status":"open","sticky":false,"template":"","format":"standard","meta":{"footnotes":""},"categories":[1],"tags":[],"class_list":["post-219","post","type-post","status-publish","format-standard","has-post-thumbnail","hentry","category-sin-categoria"],"acf":[],"_links":{"self":[{"href":"https:\/\/ods.senadoer.gob.ar\/novedades\/wp-json\/wp\/v2\/posts\/219","targetHints":{"allow":["GET"]}}],"collection":[{"href":"https:\/\/ods.senadoer.gob.ar\/novedades\/wp-json\/wp\/v2\/posts"}],"about":[{"href":"https:\/\/ods.senadoer.gob.ar\/novedades\/wp-json\/wp\/v2\/types\/post"}],"author":[{"embeddable":true,"href":"https:\/\/ods.senadoer.gob.ar\/novedades\/wp-json\/wp\/v2\/users\/2"}],"replies":[{"embeddable":true,"href":"https:\/\/ods.senadoer.gob.ar\/novedades\/wp-json\/wp\/v2\/comments?post=219"}],"version-history":[{"count":2,"href":"https:\/\/ods.senadoer.gob.ar\/novedades\/wp-json\/wp\/v2\/posts\/219\/revisions"}],"predecessor-version":[{"id":222,"href":"https:\/\/ods.senadoer.gob.ar\/novedades\/wp-json\/wp\/v2\/posts\/219\/revisions\/222"}],"wp:featuredmedia":[{"embeddable":true,"href":"https:\/\/ods.senadoer.gob.ar\/novedades\/wp-json\/wp\/v2\/media\/220"}],"wp:attachment":[{"href":"https:\/\/ods.senadoer.gob.ar\/novedades\/wp-json\/wp\/v2\/media?parent=219"}],"wp:term":[{"taxonomy":"category","embeddable":true,"href":"https:\/\/ods.senadoer.gob.ar\/novedades\/wp-json\/wp\/v2\/categories?post=219"},{"taxonomy":"post_tag","embeddable":true,"href":"https:\/\/ods.senadoer.gob.ar\/novedades\/wp-json\/wp\/v2\/tags?post=219"}],"curies":[{"name":"wp","href":"https:\/\/api.w.org\/{rel}","templated":true}]}}