{"id":202,"date":"2022-11-30T14:26:35","date_gmt":"2022-11-30T17:26:35","guid":{"rendered":"https:\/\/ods.senadoer.gob.ar\/novedades\/?p=202"},"modified":"2022-11-30T16:28:31","modified_gmt":"2022-11-30T19:28:31","slug":"el-asesor-presidencial-alejandro-grimson-dialogo-sobre-la-agenda-de-desarrollo-y-argentina-futura-con-referentes-de-la-provincia","status":"publish","type":"post","link":"https:\/\/ods.senadoer.gob.ar\/novedades\/2022\/11\/30\/el-asesor-presidencial-alejandro-grimson-dialogo-sobre-la-agenda-de-desarrollo-y-argentina-futura-con-referentes-de-la-provincia\/","title":{"rendered":"El asesor presidencial Alejandro Grimson dialog\u00f3 sobre la Agenda de Desarrollo y Argentina Futura con referentes de la provincia"},"content":{"rendered":"<p><b>El asesor presidencial Alejandro Grimson dialog\u00f3 sobre la Agenda de Desarrollo y Argentina Futura con referentes de la provincia\u00a0<\/b><\/p>\n<p>&nbsp;<\/p>\n<p><span style=\"font-weight: 400;\">Referentes pol\u00edticos, acad\u00e9micos, del sector productivo y de la sociedad entrerriana se acercaron a participar del conversatorio <\/span><span style=\"font-weight: 400;\">&#8220;Di\u00e1logo Federal para una Agenda de Desarrollo&#8221;, con el antrop\u00f3logo y asesor presidencial, Alejandro Grimson; y el empresario H\u00e9ctor Motta.<\/span><\/p>\n<p>&nbsp;<\/p>\n<p><span style=\"font-weight: 400;\">El objetivo de la jornada fue plantear e intercambiar desde las diferentes miradas de los actores convocados acerca de los posibles ejes <\/span><span style=\"font-weight: 400;\">de una Agenda de Desarrollo para el pa\u00eds y especialmente para la provincia. <\/span><span style=\"font-weight: 400;\">Adem\u00e1s, se realiz\u00f3 un taller y se present\u00f3 el libro \u201cArgentina Futura. Un horizonte deseable y posible\u201d, cuya idea y producci\u00f3n estuvo a cargo de Alejandro Grimson, una publicaci\u00f3n que plasma las posibilidades concretas que tiene la Argentina para emprender el camino del desarrollo integral en el mediano y largo plazo.\u00a0<\/span><\/p>\n<p>&nbsp;<\/p>\n<p><span style=\"font-weight: 400;\">La actividad fue organizada por la Secretar\u00eda de Modernizaci\u00f3n y la Facultad de Trabajo Social de la Universidad Nacional de Entre R\u00edos (UNER), en el marco del Programa \u201cArgentina Futura\u201d de la Presidencia de la Naci\u00f3n, y se realiz\u00f3 este martes en el Auditorio \u201cRodolfo Walsh\u201d de la Facultad de Ciencias de la Educaci\u00f3n (UNER).\u00a0<\/span><\/p>\n<p>&nbsp;<\/p>\n<p><span style=\"font-weight: 400;\">El programa de actividades contempl\u00f3 dos momentos.\u00a0 Por la ma\u00f1ana se desarroll\u00f3 el \u201cTaller de territorialidad de apropiaci\u00f3n de la Agenda 2030 de Objetivos de Desarrollo Sostenible (ODS)&#8221;, en el cual se trabaj\u00f3 con los referentes de todos los organismos provinciales y de los municipios adheridos a la Agenda, en tres ejes de debate: Sostenibilidad social &#8211; Calidad de bienes p\u00fablicos y protecci\u00f3n social. Sostenibilidad ambiental &#8211; Potenciar las transformaciones socioecol\u00f3gicas, y Sostenibilidad econ\u00f3mico productiva &#8211; Capacidades productivas y transformaci\u00f3n de la matriz.<\/span><\/p>\n<p>&nbsp;<\/p>\n<p><span style=\"font-weight: 400;\">Al respecto, la secretaria de Modernizaci\u00f3n, Lucrecia Escand\u00f3n, dijo que &#8220;la jornada corona una serie de actividades que se hicieron durante todo el a\u00f1o en orden a la Agenda 2030, en la que venimos trabajando desde la Secretar\u00eda y la Vicegobernaci\u00f3n en lo que denominamos \u201cMesa Interministerial de ODS\u201d, que re\u00fane a los referentes de los organismos para trabajar en la apropiaci\u00f3n y territorializaci\u00f3n de los Objetivos de Desarrollo Sostenible (ODS); y una nueva \u201cMesa Intermunicipal\u201d, en la que se van sumando todos los municipios que est\u00e1n adhiriendo a la Agenda 2030 de ODS. Es en este marco realizamos, durante la visita de Alejandro Grimson, un taller para intercambiar con \u00e9l y su equipo sobre tres ejes fundamentales de la Agenda 2030.\u201d<\/span><\/p>\n<p>&nbsp;<\/p>\n<p><span style=\"font-weight: 400;\">Por la tarde se llev\u00f3 adelante el Conversatorio \u201cDi\u00e1logo Federal para una Agenda de Desarrollo&#8221; con Alejandro Grimson y el empresario entrerriano H\u00e9ctor Motta, titular del tradicional Grupo Motta. Tambi\u00e9n se present\u00f3 el libro \u201cArgentina Futura. Un horizonte deseable y posible\u201d, que se encuentra accesible en la web para su <a href=\"https:\/\/www.argentina.gob.ar\/jefatura\/argentina-futura\/publicaciones\">descarga<\/a>.\u00a0<\/span><\/p>\n<p>&nbsp;<\/p>\n<p><span style=\"font-weight: 400;\">El conversatorio<\/span><\/p>\n<p>&nbsp;<\/p>\n<p><span style=\"font-weight: 400;\">El programa Argentina Futura depende de la Jefatura de Gabinete de Ministros y est\u00e1 dirigido por Alejandro Grimson. Se trata de una plataforma de pensamiento, plural y diversa, con perspectiva federal y global, que se propone reflexionar y discutir el futuro del pa\u00eds convocando, a trav\u00e9s de diversas actividades, a todos los actores que sean necesarios para construir y sostener el fortalecimiento de la democracia para la formulaci\u00f3n de un nuevo contrato social.<\/span><\/p>\n<p>&nbsp;<\/p>\n<p><span style=\"font-weight: 400;\">Al iniciar el intercambio, Escand\u00f3n expres\u00f3 \u201cNuestra idea de generar un conversatorio es para poder abordar los temas que Alejandro Grimson plantea en el libro y el programa Argentina Futura, y darle una territorialidad y particularidad propia de la provincia\u201d, afirm\u00f3.\u00a0<\/span><\/p>\n<p>&nbsp;<\/p>\n<p><span style=\"font-weight: 400;\">En tanto, Alejandro Grimson, sostuvo que el libro Argentina Futura, &#8220;traza algunos lineamientos estrat\u00e9gicos de pol\u00edticas p\u00fablicas para la Argentina\u201d y plante\u00f3 la importancia de preguntarse cu\u00e1l puede ser la matriz productiva &#8211; industrial de ac\u00e1 a 15 o 20 a\u00f1os. \u201cEst\u00e1 clar\u00edsimo que es imposible un desarrollo integral que contemple a los 47 millones de argentinos solamente sobre la base de producci\u00f3n primaria, necesitamos producci\u00f3n industrial (&#8230;), pero esta definici\u00f3n ya se hizo hace d\u00e9cadas, despu\u00e9s hay que ver \u00bfproducci\u00f3n de qu\u00e9? Hoy si miramos el mapa argentino vemos que en todas las regiones del pa\u00eds hay posibilidades de industrializaci\u00f3n, algunas desaprovechadas y otras no, pero vemos que es posible agregar valor en origen, conocimiento y trabajo, y eso genera empleo, que es un punto crucial para el desarrollo\u201d, sintetiz\u00f3.<\/span><\/p>\n<p>&nbsp;<\/p>\n<p><span style=\"font-weight: 400;\">Adem\u00e1s de discutir la matriz econ\u00f3mico productiva, Grimson sostuvo que \u201cEntre R\u00edos parece una provincia menos desigual territorialmente que la mayor\u00eda porque tiene ciudades importantes sobre las dos costas de los r\u00edos, pero hay que discutir tambi\u00e9n la matriz territorial, porque la que posee Argentina es profundamente injusta. Tiene a un tercio de su poblaci\u00f3n viviendo en una sola \u00e1rea metropolitana en el octavo pa\u00eds m\u00e1s grande del mundo, es rid\u00edculo\u201d. Y se pregunt\u00f3 \u201c\u00bfc\u00f3mo se puede revertir esto, generando empleo en muchos y diversos lugares del pa\u00eds, no s\u00f3lo en los centros urbanos. Porque no podemos ir a lugares lindos porque son lindos, si no hay trabajo no hay forma de cambiar la demograf\u00eda, insisti\u00f3.\u201d<\/span><\/p>\n<p>&nbsp;<\/p>\n<p><span style=\"font-weight: 400;\">Tambi\u00e9n plante\u00f3 problem\u00e1ticas como la transici\u00f3n energ\u00e9tica y ecol\u00f3gica, que pone sobre la superficie preguntas c\u00f3mo: \u201c\u00bfPodemos prescindir como pa\u00eds de Vaca Muerta? No podemos. Pero tenemos que tener un plan de salida y transici\u00f3n, y tenemos que hacer las dos cosas con la conciencia de que hay una desigualdad brutal en t\u00e9rminos de emisi\u00f3n de carbono, y una deuda de los pa\u00edses que m\u00e1s emiten. En pocas palabras, si Estados Unidos no reduce sus emisiones, lo que hagamos nosotros no tiene ning\u00fan impacto.\u201d<\/span><\/p>\n<p>&nbsp;<\/p>\n<p><span style=\"font-weight: 400;\">Por \u00faltimo, asegur\u00f3 \u201cen este pa\u00eds, con todos los problemas que tenemos, hay una oportunidad enorme relacionada con las condiciones de los cambios econ\u00f3micos y geopol\u00edticos mundiales (&#8230;). Por la situaci\u00f3n econ\u00f3mica, social, de pobreza y de desigualdades que tiene nuestro pa\u00eds, a nuestro juicio, no podemos dejarla pasar&#8221;, concluy\u00f3.\u00a0<\/span><\/p>\n<p>&nbsp;<\/p>\n<p><span style=\"font-weight: 400;\">Educaci\u00f3n e infraestructura<\/span><\/p>\n<p>&nbsp;<\/p>\n<p><span style=\"font-weight: 400;\">Por su parte, el empresario H\u00e9ctor Motta, se refiri\u00f3 a los desaf\u00edos para territorializar el desarrollo en Entre R\u00edos y agradeci\u00f3 al gobierno provincial &#8220;por invitar al sector privado a participar del debate sobre el desarrollo de la provincia en este conversatorio&#8221;.\u00a0<\/span><\/p>\n<p>&nbsp;<\/p>\n<p><span style=\"font-weight: 400;\">Motta coincidi\u00f3 con Grimson en que &#8220;estamos ante un cambio mundial muy profundo. La tecnolog\u00eda ha invadido la calle, hogares y empresas, y el que no entienda que la tecnolog\u00eda es un instrumento indispensable, est\u00e1 llamado a quedar fuera de juego&#8221;.<\/span><\/p>\n<p>&nbsp;<\/p>\n<p><span style=\"font-weight: 400;\">Dicho eso, se refiri\u00f3 a algunas particularidades del sector del cual es referente y consider\u00f3 que cuando desde el gobierno central se toman medidas econ\u00f3micas sin conocer las cadenas de valor &#8220;se est\u00e1 lejos de lo que realmente se est\u00e1 necesitando en territorio&#8221;.<\/span><\/p>\n<p>&nbsp;<\/p>\n<p><span style=\"font-weight: 400;\">&#8220;Cuando hablamos de territorio, necesitamos una educaci\u00f3n que culturalmente sea s\u00f3lida, pero que tenga salida laboral, y para ello se debe tener un diagn\u00f3stico claro de cu\u00e1l es la demanda laboral. El otro problema es la falta de infraestructura&#8221;, apunt\u00f3 y dio detalles de las acciones que promovi\u00f3 desde su lugar de empresario para generar respuestas ante esos desaf\u00edos. Luego se refiri\u00f3 a diversas estrategias de mercado que promovi\u00f3 desde su emprendimiento.\u00a0<\/span><\/p>\n<p>&nbsp;<\/p>\n<p><span style=\"font-weight: 400;\">En el marco de esta actividad, adem\u00e1s de Grimson, estuvieron el economista Juan Manuel Telechea y el soci\u00f3logo Nahuel Sosa, integrantes del equipo t\u00e9cnico del programa Argentina Futura; mientras que al conversatorio asistieron autoridades provinciales, municipales, acad\u00e9micas, estudiantes y p\u00fablico en general.<\/span><\/p>\n<p>&nbsp;<\/p>\n<p><span style=\"font-weight: 400;\">Sobre Alejandro Grimson<\/span><\/p>\n<p>&nbsp;<\/p>\n<p><span style=\"font-weight: 400;\">Es doctor en Antropolog\u00eda por la Universidad de Brasilia, mag\u00edster en Antropolog\u00eda Social (Universidad Nacional de Misiones) y licenciado en Ciencias de la Comunicaci\u00f3n en la Universidad de Buenos Aires. Actualmente es investigador del CONICET, Asesor Presidencial y Titular del Programa Argentina Futura de la Jefatura de Gabinete de Ministros. Ha publicado cerca de 30 libros e investigado culturas pol\u00edticas, procesos migratorios, zonas de frontera, movimientos sociales, culturas pol\u00edticas, identidades e interculturalidad.<\/span><\/p>\n<p>&nbsp;<\/p>\n<p><span style=\"font-weight: 400;\">Su primer libro, \u201cRelatos de la diferencia y la igualdad\u201d, gan\u00f3 el premio de la Federaci\u00f3n Latinoamericana de Facultades de Comunicaci\u00f3n Social (Felalacs) a la mejor tesis en comunicaci\u00f3n de Am\u00e9rica Latina. Despu\u00e9s de publicar \u201cLa naci\u00f3n en sus l\u00edmites, Interculturalidad y comunicaci\u00f3n\u201d y compilaciones como \u201cLa cultura en las crisis latinoamericanas\u201d, obtuvo el Premio Bernardo Houssey otorgado por el Estado argentino. A su vez, \u201cLos l\u00edmites de la cultura. Cr\u00edtica de las teor\u00edas de la identidad\u201d, mereci\u00f3 el Premio Iberoamericano que otorga la Asociaci\u00f3n de Estudios Latinoamericanos (LASA).<\/span><\/p>\n<p>&nbsp;<\/p>\n<p><span style=\"font-weight: 400;\">Fue decano del Instituto de Altos Estudios Sociales de la Universidad Nacional de San Mart\u00edn, director del Doctorado en Antropolog\u00eda Social (IDAES-UNSAM), director del Colegio Doctoral (UNSAM) y director de Merian Calas Cono Sur. Ha dictado conferencias y cursos en numerosas universidades del pa\u00eds y del extranjero.<\/span><\/p>\n<p>&nbsp;<\/p>\n<p><span style=\"font-weight: 400;\">Sobre H\u00e9ctor Motta<\/span><\/p>\n<p>&nbsp;<\/p>\n<p><span style=\"font-weight: 400;\">Es Licenciado en Administraci\u00f3n de Empresa y mag\u00edster en Desarrollo Emprendedor e Innovaci\u00f3n por la Universidad de Salamanca, Espa\u00f1a; fund\u00f3 y es titular del grupo empresario agroindustrial vinculado a la producci\u00f3n av\u00edcola, el tradicional Grupo Motta, que ha crecido a la par de la avicultura de Entre R\u00edos, completando toda la cadena productiva, desde la gen\u00e9tica a la exportaci\u00f3n mundial pasando por todos los eslabones productivos de la actividad, teniendo en cuenta que hoy Entre R\u00edos es la principal provincia productora de pollos y huevos del pa\u00eds.<\/span><\/p>\n<p>&nbsp;<\/p>\n<p><span style=\"font-weight: 400;\">Fue tambi\u00e9n impulsor del Instituto Tecnol\u00f3gico Universitario (ITU) en Crespo y logr\u00f3 forjar, como socio fundador, a entidades como la Uni\u00f3n Industrial de Entre R\u00edos y el Consejo Empresario de Entre R\u00edos, y fue tambi\u00e9n miembro durante muchos a\u00f1os de la Uni\u00f3n Industrial Argentina.<\/span><\/p>\n<p>&nbsp;<\/p>\n<p><span style=\"font-weight: 400;\">A su vez, fue presidente de Capia (C\u00e1mara Argentina de Productores Av\u00edcolas), presidente de la Asociaci\u00f3n Latinoamericana de Avicultura, en el \u00e1mbito p\u00fablico fue secretario de Producci\u00f3n del Gobierno de la provincia y recientemente ha sido nombrado Doctor Honoris Causa de la Universidad Aut\u00f3noma de Entre R\u00edos.<\/span><\/p>\n","protected":false},"excerpt":{"rendered":"<p>El asesor presidencial Alejandro Grimson dialog\u00f3 sobre la Agenda de Desarrollo y Argentina Futura con referentes de la provincia\u00a0 &nbsp; Referentes pol\u00edticos, acad\u00e9micos, del sector productivo y de la sociedad entrerriana se acercaron a participar del conversatorio &#8220;Di\u00e1logo Federal para una Agenda de Desarrollo&#8221;, con el antrop\u00f3logo y asesor presidencial, Alejandro Grimson; y el empresario [&hellip;]<\/p>\n","protected":false},"author":2,"featured_media":203,"comment_status":"open","ping_status":"open","sticky":false,"template":"","format":"standard","meta":{"footnotes":""},"categories":[1],"tags":[],"class_list":["post-202","post","type-post","status-publish","format-standard","has-post-thumbnail","hentry","category-sin-categoria"],"acf":[],"_links":{"self":[{"href":"https:\/\/ods.senadoer.gob.ar\/novedades\/wp-json\/wp\/v2\/posts\/202","targetHints":{"allow":["GET"]}}],"collection":[{"href":"https:\/\/ods.senadoer.gob.ar\/novedades\/wp-json\/wp\/v2\/posts"}],"about":[{"href":"https:\/\/ods.senadoer.gob.ar\/novedades\/wp-json\/wp\/v2\/types\/post"}],"author":[{"embeddable":true,"href":"https:\/\/ods.senadoer.gob.ar\/novedades\/wp-json\/wp\/v2\/users\/2"}],"replies":[{"embeddable":true,"href":"https:\/\/ods.senadoer.gob.ar\/novedades\/wp-json\/wp\/v2\/comments?post=202"}],"version-history":[{"count":2,"href":"https:\/\/ods.senadoer.gob.ar\/novedades\/wp-json\/wp\/v2\/posts\/202\/revisions"}],"predecessor-version":[{"id":206,"href":"https:\/\/ods.senadoer.gob.ar\/novedades\/wp-json\/wp\/v2\/posts\/202\/revisions\/206"}],"wp:featuredmedia":[{"embeddable":true,"href":"https:\/\/ods.senadoer.gob.ar\/novedades\/wp-json\/wp\/v2\/media\/203"}],"wp:attachment":[{"href":"https:\/\/ods.senadoer.gob.ar\/novedades\/wp-json\/wp\/v2\/media?parent=202"}],"wp:term":[{"taxonomy":"category","embeddable":true,"href":"https:\/\/ods.senadoer.gob.ar\/novedades\/wp-json\/wp\/v2\/categories?post=202"},{"taxonomy":"post_tag","embeddable":true,"href":"https:\/\/ods.senadoer.gob.ar\/novedades\/wp-json\/wp\/v2\/tags?post=202"}],"curies":[{"name":"wp","href":"https:\/\/api.w.org\/{rel}","templated":true}]}}